{"id":8494,"date":"2024-10-27T10:06:14","date_gmt":"2024-10-27T15:06:14","guid":{"rendered":"https:\/\/ecoaraesp.co\/sitio\/?p=8494"},"modified":"2026-02-18T17:03:53","modified_gmt":"2026-02-18T22:03:53","slug":"barrido-y-limpieza-de-vias-y-areas-publicas","status":"publish","type":"post","link":"https:\/\/ecoaraesp.co\/sitio\/2024\/10\/27\/barrido-y-limpieza-de-vias-y-areas-publicas\/","title":{"rendered":"Barrido y limpieza de v\u00edas y \u00e1reas p\u00fablicas"},"content":{"rendered":"\r\n<p style=\"text-align: justify;\">Es la actividad del servicio p\u00fablico de aseo que consiste en el conjunto de acciones tendientes a dejar las \u00e1reas y las v\u00edas p\u00fablicas libres de todo residuo s\u00f3lido, esparcido o acumulado, de manera que dichas \u00e1reas queden libres de papeles, hojas, arenilla y similares y de cualquier otro objeto o material susceptible de ser removido manualmente o mediante el uso de equipos mec\u00e1nicos.<\/p>\r\n<p>&nbsp;<\/p>\r\n\r\n\r\n\r\n<p><!--more--><\/p>\r\n\r\n\r\n\r\n<ul class=\"wp-block-list\">\r\n<li><strong>Frecuencia y horario rutas de barrido y limpieza de v\u00edas y \u00e1reas p\u00fablicas<\/strong><\/li>\r\n<\/ul>\r\n\r\n\r\n\r\n<figure class=\"wp-block-table\">\r\n<table class=\"has-fixed-layout\">\r\n<tbody>\r\n<tr>\r\n<td style=\"background-color: #1eae98;\"><span style=\"font-size: 10pt; color: #ffffff;\"><strong>RUTA\/ FRECUENCIA\/HORARIO<\/strong><\/span><\/td>\r\n<td style=\"background-color: #1eae98;\"><span style=\"font-size: 10pt; color: #ffffff;\"><strong>LUNES<\/strong><\/span><\/td>\r\n<td style=\"background-color: #1eae98;\"><span style=\"font-size: 10pt; color: #ffffff;\"><strong>MARTES<\/strong><\/span><\/td>\r\n<td style=\"background-color: #1eae98;\"><span style=\"font-size: 10pt; color: #ffffff;\"><strong>MI\u00c9RCOLES<\/strong><\/span><\/td>\r\n<td style=\"background-color: #1eae98;\"><span style=\"font-size: 10pt; color: #ffffff;\"><strong>JUEVES<\/strong><\/span><\/td>\r\n<td style=\"background-color: #1eae98;\"><span style=\"font-size: 10pt; color: #ffffff;\"><strong>VIERNES<\/strong><\/span><\/td>\r\n<td style=\"background-color: #1eae98;\"><span style=\"font-size: 10pt; color: #ffffff;\"><strong>S\u00c1BADO<\/strong><\/span><\/td>\r\n<td style=\"background-color: #1eae98;\"><span style=\"font-size: 10pt; color: #ffffff;\"><strong>DOMINGO<\/strong><\/span><\/td>\r\n<\/tr>\r\n<tr>\r\n<td>Microruta BR01<\/td>\r\n<td>06:00am<br \/>02:00pm<\/td>\r\n<td>N\/A<\/td>\r\n<td>06:00am<br \/>02:00pm<\/td>\r\n<td>N\/A<\/td>\r\n<td>06:00am<br \/>02:00pm<\/td>\r\n<td>N\/A<\/td>\r\n<td>N\/A<\/td>\r\n<\/tr>\r\n<tr>\r\n<td>Microruta BR02<\/td>\r\n<td>06:00am<br \/>02:00pm<\/td>\r\n<td>N\/A<\/td>\r\n<td>06:00am<br \/>02:00pm<\/td>\r\n<td>N\/A<\/td>\r\n<td>06:00am<br \/>02:00pm<\/td>\r\n<td>N\/A<\/td>\r\n<td>N\/A<\/td>\r\n<\/tr>\r\n<tr>\r\n<td>Microruta BR03<\/td>\r\n<td>06:00am<br \/>02:00pm<\/td>\r\n<td>N\/A<\/td>\r\n<td>06:00am<br \/>02:00pm<\/td>\r\n<td>N\/A<\/td>\r\n<td>06:00am<br \/>02:00pm<\/td>\r\n<td>N\/A<\/td>\r\n<td>N\/A<\/td>\r\n<\/tr>\r\n<tr>\r\n<td>Microruta BR04<\/td>\r\n<td>N\/A<\/td>\r\n<td>06:00am<br \/>02:00pm<\/td>\r\n<td>N\/A<\/td>\r\n<td>06:00am<br \/>02:00pm<\/td>\r\n<td>N\/A<\/td>\r\n<td>06:00am<br \/>02:00pm<\/td>\r\n<td>N\/A<\/td>\r\n<\/tr>\r\n<\/tbody>\r\n<\/table>\r\n<figcaption class=\"wp-element-caption\">Frecuencias y Horarios Rutas de Barrido<br \/><br \/><\/figcaption>\r\n<\/figure>\r\n\r\n\r\n\r\n<ul class=\"wp-block-list\">\r\n<li><strong>RUTAS OBJETO DE BARRIDO (RUTAS)<\/strong><\/li>\r\n<\/ul>\r\n\r\n\r\n\r\n<p>&nbsp;<\/p>\r\n\r\n\r\n\r\n<p><strong>MICRORUTA BR01:<\/strong> Sector Hospital entre Calles 15 y 18 y Carreras 10 y 16<\/p>\r\n\r\n\r\n\r\n<p>Longitud: 4.32 km<\/p>\r\n\r\n\r\n\r\n<p>Frecuencia: Lunes- Mi\u00e9rcoles- Viernes<\/p>\r\n\r\n\r\n\r\n<p>Horario: 06:00 a.m. \u2013 02:00 p.m.<\/p>\r\n\r\n\r\n\r\n<p>Fecha Inicio Operaci\u00f3n de Ruta: 01 de octubre de 2022<\/p>\r\n\r\n\r\n\r\n<figure class=\"wp-block-image size-full is-resized\"><img fetchpriority=\"high\" decoding=\"async\" width=\"950\" height=\"454\" class=\"wp-image-8495\" style=\"width: 714px; height: auto;\" src=\"https:\/\/ecoaraesp.co\/sitio\/wp-content\/uploads\/2024\/10\/microruta-br-01-barrido.png\" alt=\"\" srcset=\"https:\/\/ecoaraesp.co\/sitio\/wp-content\/uploads\/2024\/10\/microruta-br-01-barrido.png 950w, https:\/\/ecoaraesp.co\/sitio\/wp-content\/uploads\/2024\/10\/microruta-br-01-barrido-900x430.png 900w, https:\/\/ecoaraesp.co\/sitio\/wp-content\/uploads\/2024\/10\/microruta-br-01-barrido-300x143.png 300w, https:\/\/ecoaraesp.co\/sitio\/wp-content\/uploads\/2024\/10\/microruta-br-01-barrido-768x367.png 768w\" sizes=\"(max-width: 950px) 100vw, 950px\" \/><\/figure>\r\n<hr \/>\r\n\r\n\r\n<p>&nbsp;<\/p>\r\n<p><strong>MICRORUTA BR02:<\/strong> Sector Ciudad Jard\u00edn y Almendros (Calles 16 y Carrera 30)<\/p>\r\n\r\n\r\n\r\n<p>Longitud: 4.09 km<\/p>\r\n\r\n\r\n\r\n<p>Frecuencia: Lunes- Mi\u00e9rcoles- Viernes<\/p>\r\n\r\n\r\n\r\n<p>Horario: 06:00 a.m. \u2013 02:00 p.m.<\/p>\r\n\r\n\r\n\r\n<p>Fecha Inicio Operaci\u00f3n de Ruta: 01 de octubre de 2022<\/p>\r\n\r\n\r\n\r\n<figure class=\"wp-block-image size-full is-resized\"><img decoding=\"async\" width=\"950\" height=\"504\" class=\"wp-image-8499\" style=\"width: 708px; height: auto;\" src=\"https:\/\/ecoaraesp.co\/sitio\/wp-content\/uploads\/2024\/10\/microruta-br-02-barrido.png\" alt=\"\" srcset=\"https:\/\/ecoaraesp.co\/sitio\/wp-content\/uploads\/2024\/10\/microruta-br-02-barrido.png 950w, https:\/\/ecoaraesp.co\/sitio\/wp-content\/uploads\/2024\/10\/microruta-br-02-barrido-900x477.png 900w, https:\/\/ecoaraesp.co\/sitio\/wp-content\/uploads\/2024\/10\/microruta-br-02-barrido-300x159.png 300w, https:\/\/ecoaraesp.co\/sitio\/wp-content\/uploads\/2024\/10\/microruta-br-02-barrido-768x407.png 768w\" sizes=\"(max-width: 950px) 100vw, 950px\" \/><\/figure>\r\n\r\n\r\n<hr \/>\r\n\r\n\r\n<p>&nbsp;<\/p>\r\n<p><strong>MICRORUTA BR03: <\/strong>Sector Mar\u00eda Emilia, Senderos de Playitas (Comuna III).<\/p>\r\n\r\n\r\n\r\n<p>Longitud: 4.6 km<\/p>\r\n\r\n\r\n\r\n<p>Frecuencia: Lunes- Mi\u00e9rcoles- Viernes<\/p>\r\n\r\n\r\n\r\n<p>Horario: 06:00 a.m. \u2013 02:00 p.m.<\/p>\r\n\r\n\r\n\r\n<p>Fecha Inicio Operaci\u00f3n de Ruta: 01 de septiembre de 2023<\/p>\r\n\r\n\r\n\r\n<figure class=\"wp-block-image size-full is-resized\"><img decoding=\"async\" width=\"950\" height=\"525\" class=\"wp-image-8501\" style=\"width: 717px; height: auto;\" src=\"https:\/\/ecoaraesp.co\/sitio\/wp-content\/uploads\/2024\/10\/microruta-br-03-barrido.png\" alt=\"\" srcset=\"https:\/\/ecoaraesp.co\/sitio\/wp-content\/uploads\/2024\/10\/microruta-br-03-barrido.png 950w, https:\/\/ecoaraesp.co\/sitio\/wp-content\/uploads\/2024\/10\/microruta-br-03-barrido-900x497.png 900w, https:\/\/ecoaraesp.co\/sitio\/wp-content\/uploads\/2024\/10\/microruta-br-03-barrido-300x166.png 300w, https:\/\/ecoaraesp.co\/sitio\/wp-content\/uploads\/2024\/10\/microruta-br-03-barrido-768x424.png 768w\" sizes=\"(max-width: 950px) 100vw, 950px\" \/><\/figure>\r\n\r\n\r\n<hr \/>\r\n\r\n\r\n<p>&nbsp;<\/p>\r\n<p><strong>MICRORUTA BR04:<\/strong> Urb. Playitas, Doble Calzada Playitas, Urb. Villa Gaby<\/p>\r\n\r\n\r\n\r\n<p>Longitud: 4.7 km<\/p>\r\n\r\n\r\n\r\n<p>Frecuencia: Martes \u2013 Jueves &#8211; S\u00e1bado<\/p>\r\n\r\n\r\n\r\n<p>Horario: 06:00 a.m. \u2013 02:00 p.m.<\/p>\r\n\r\n\r\n\r\n<p>Fecha Inicio Operaci\u00f3n de Ruta: 01 de septiembre de 2023<\/p>\r\n\r\n\r\n\r\n<figure class=\"wp-block-image size-full is-resized\"><img loading=\"lazy\" decoding=\"async\" width=\"950\" height=\"527\" class=\"wp-image-8502\" style=\"width: 714px; height: auto;\" src=\"https:\/\/ecoaraesp.co\/sitio\/wp-content\/uploads\/2024\/10\/microruta-br-04-barrido.png\" alt=\"\" srcset=\"https:\/\/ecoaraesp.co\/sitio\/wp-content\/uploads\/2024\/10\/microruta-br-04-barrido.png 950w, https:\/\/ecoaraesp.co\/sitio\/wp-content\/uploads\/2024\/10\/microruta-br-04-barrido-900x499.png 900w, https:\/\/ecoaraesp.co\/sitio\/wp-content\/uploads\/2024\/10\/microruta-br-04-barrido-300x166.png 300w, https:\/\/ecoaraesp.co\/sitio\/wp-content\/uploads\/2024\/10\/microruta-br-04-barrido-768x426.png 768w\" sizes=\"(max-width: 950px) 100vw, 950px\" \/><\/figure>\r\n","protected":false},"excerpt":{"rendered":"<p>Es la actividad del servicio p\u00fablico de aseo que consiste en el conjunto de acciones tendientes a dejar las \u00e1reas y las v\u00edas p\u00fablicas libres de todo residuo s\u00f3lido, esparcido o acumulado, de manera que dichas \u00e1reas queden libres de papeles, hojas, arenilla y similares y de cualquier otro objeto o material susceptible de ser&hellip;<\/p>\n","protected":false},"author":1,"featured_media":0,"comment_status":"open","ping_status":"open","sticky":false,"template":"","format":"standard","meta":{"footnotes":""},"categories":[121],"tags":[],"class_list":["post-8494","post","type-post","status-publish","format-standard","hentry","category-institucional","category-121","description-off"],"_links":{"self":[{"href":"https:\/\/ecoaraesp.co\/sitio\/wp-json\/wp\/v2\/posts\/8494","targetHints":{"allow":["GET"]}}],"collection":[{"href":"https:\/\/ecoaraesp.co\/sitio\/wp-json\/wp\/v2\/posts"}],"about":[{"href":"https:\/\/ecoaraesp.co\/sitio\/wp-json\/wp\/v2\/types\/post"}],"author":[{"embeddable":true,"href":"https:\/\/ecoaraesp.co\/sitio\/wp-json\/wp\/v2\/users\/1"}],"replies":[{"embeddable":true,"href":"https:\/\/ecoaraesp.co\/sitio\/wp-json\/wp\/v2\/comments?post=8494"}],"version-history":[{"count":7,"href":"https:\/\/ecoaraesp.co\/sitio\/wp-json\/wp\/v2\/posts\/8494\/revisions"}],"predecessor-version":[{"id":8507,"href":"https:\/\/ecoaraesp.co\/sitio\/wp-json\/wp\/v2\/posts\/8494\/revisions\/8507"}],"wp:attachment":[{"href":"https:\/\/ecoaraesp.co\/sitio\/wp-json\/wp\/v2\/media?parent=8494"}],"wp:term":[{"taxonomy":"category","embeddable":true,"href":"https:\/\/ecoaraesp.co\/sitio\/wp-json\/wp\/v2\/categories?post=8494"},{"taxonomy":"post_tag","embeddable":true,"href":"https:\/\/ecoaraesp.co\/sitio\/wp-json\/wp\/v2\/tags?post=8494"}],"curies":[{"name":"wp","href":"https:\/\/api.w.org\/{rel}","templated":true}]}}